{"id":4683,"date":"2021-09-13T14:11:00","date_gmt":"2021-09-13T12:11:00","guid":{"rendered":"https:\/\/www.maregroup.it\/cleansky2\/?p=4683"},"modified":"2021-09-13T14:11:00","modified_gmt":"2021-09-13T12:11:00","slug":"ultime-novita-dall11-conferenza-internazionale-delleuropean-aeronautics-science-network","status":"publish","type":"post","link":"https:\/\/www.maregroup.it\/cleanaviation\/ultime-novita-dall11-conferenza-internazionale-delleuropean-aeronautics-science-network\/","title":{"rendered":"Ultime novit\u00e0 dall\u201911\u00b0 Conferenza internazionale dell\u2019European Aeronautics Science NetworK"},"content":{"rendered":"\t\t<div data-elementor-type=\"wp-post\" data-elementor-id=\"4683\" class=\"elementor elementor-4683\">\n\t\t\t\t\t\t<section class=\"elementor-section elementor-top-section elementor-element elementor-element-233c2b78 ot-traditional elementor-section-boxed elementor-section-height-default elementor-section-height-default\" data-id=\"233c2b78\" data-element_type=\"section\" data-e-type=\"section\">\n\t\t\t\t\t\t<div class=\"elementor-container elementor-column-gap-default\">\n\t\t\t\t\t<div class=\"elementor-column elementor-col-100 elementor-top-column elementor-element elementor-element-89b1557 ot-flex-column-vertical\" data-id=\"89b1557\" data-element_type=\"column\" data-e-type=\"column\">\n\t\t\t<div class=\"elementor-widget-wrap elementor-element-populated\">\n\t\t\t\t\t\t<div class=\"elementor-element elementor-element-96db470 elementor-widget elementor-widget-text-editor\" data-id=\"96db470\" data-element_type=\"widget\" data-e-type=\"widget\" data-widget_type=\"text-editor.default\">\n\t\t\t\t<div class=\"elementor-widget-container\">\n\t\t\t\t\t\t\t\t\t<p>Il 1\u00b0 Settembre 2021 si \u00e8 tenuta l&#8217;11\u00b0&nbsp;Conferenza internazionale dell\u2019European&nbsp;Aeronautics&nbsp;Science Network&nbsp;sul&nbsp;tema dell\u2019<em>&#8220;Innovation&nbsp;in&nbsp;Aviation&nbsp;&amp; Space&nbsp;to the&nbsp;Satisfaction&nbsp;of the&nbsp;European&nbsp;Citizens&#8221;.&nbsp;<\/em>L\u2019evento inizialmente previsto a Salerno,&nbsp;in&nbsp;Italia,&nbsp;si \u00e8 svolto&nbsp;in modalit\u00e0 virtuale a causa della pandemia&nbsp;da&nbsp;Covid-19.&nbsp;Nonostante ci\u00f2 la conferenza&nbsp;ha visto la partecipazione di pi\u00f9 di 420 presenze&nbsp;provenienti da 31 paesi in tutto il mondo,&nbsp;confermandosi come un\u2019opportunit\u00e0&nbsp;di rilievo&nbsp;per sostenere il mondo accademico,&nbsp;diffondere conoscenza, nuove tecnologie e innovazione.&nbsp;&nbsp;<\/p>\n<p>La conferenza ha rappresentato un importante evento europeo di divulgazione e sfruttamento della ricerca relativa all&#8217;aviazione e allo spazio, dove presentare le attivit\u00e0 e gli obiettivi raggiunti, discutere le tendenze attuali e le esigenze future della ricerca relativa all&#8217;aviazione,&nbsp;allo spazio e cercando di individuare possibili sinergie tra loro. Inoltre \u00e8 stata l\u2019occasione per presentare le priorit\u00e0 strategiche del settore dell&#8217;aviazione europea&nbsp;per quanto riguarda le sfide&nbsp;dell&#8217;atteso programma quadro &#8220;Horizon&nbsp;Europe&#8221;&nbsp;come riportato sul&nbsp;<a href=\"https:\/\/www.cleansky.eu\/news\/easn-2021-universities-are-home-to-the-next-generation-of-young-innovators\" target=\"_blank\" rel=\"noreferrer noopener\">blog&nbsp;di&nbsp;clean&nbsp;sky<\/a>&nbsp;<\/p>\n<p>Illustri personalit\u00e0 dei settori dell&#8217;aviazione e dello spazio del mondo accademico, dell&#8217;industria, della comunit\u00e0 di ricerca e dei responsabili politici, hanno avuto modo di&nbsp;affrontare&nbsp;una serie di sessioni tematiche&nbsp;basate principalmente&nbsp;su: concetti,&nbsp;ibridi elettrici e completamente elettrici, architetture aeronautiche ultra efficienti e tecnologie dirompenti per consentire velivoli alimentati a idrogeno.&nbsp;<\/p>\n<p>A&nbsp;link seguente \u00e8 possibile consultare l\u2019elenco degli&nbsp;argomenti&nbsp;<a href=\"https:\/\/easnconference.eu\/2021\/topics\" target=\"_blank\" rel=\"noreferrer noopener\">https:\/\/easnconference.eu\/2021\/topics<\/a>&nbsp;<\/p>\n<p>Durante i 3 giorni di conferenza,&nbsp;il <strong>programma&nbsp;Clean&nbsp;Sky&nbsp;2<\/strong> \u00e8 stato ben rappresentato,&nbsp;offrendo&nbsp;sessioni speciali approfondite sul valutatore tecnologico (con 17 presentazioni di progetti individuali) e sulle direttrici tematiche (24 presentazioni) &#8211; oltre il 10% delle 377 presentazioni tecniche totali.&nbsp;<\/p>\n<p>L\u2019appuntamento con la prossima conferenza internazionale EASN \u00e8 previsto a Barcellona, in Spagna, dal 18 al 21 ottobre 2022.&nbsp;<\/p>\n<p><\/p>\t\t\t\t\t\t\t\t<\/div>\n\t\t\t\t<\/div>\n\t\t\t\t\t<\/div>\n\t\t<\/div>\n\t\t\t\t\t<\/div>\n\t\t<\/section>\n\t\t\t\t<section class=\"elementor-section elementor-top-section elementor-element elementor-element-3e57895 ot-traditional elementor-section-boxed elementor-section-height-default elementor-section-height-default\" data-id=\"3e57895\" data-element_type=\"section\" data-e-type=\"section\">\n\t\t\t\t\t\t<div class=\"elementor-container elementor-column-gap-default\">\n\t\t\t\t\t<div class=\"elementor-column elementor-col-100 elementor-top-column elementor-element elementor-element-21a2d26 ot-flex-column-vertical\" data-id=\"21a2d26\" data-element_type=\"column\" data-e-type=\"column\">\n\t\t\t<div class=\"elementor-widget-wrap elementor-element-populated\">\n\t\t\t\t\t\t<div class=\"elementor-element elementor-element-85db813 elementor-widget elementor-widget-image\" data-id=\"85db813\" data-element_type=\"widget\" data-e-type=\"widget\" data-widget_type=\"image.default\">\n\t\t\t\t<div class=\"elementor-widget-container\">\n\t\t\t\t\t\t\t\t\t\t\t\t\t\t\t\t<a href=\"https:\/\/easnconference.eu\/2021\/home\">\n\t\t\t\t\t\t\t<img decoding=\"async\" src=\"https:\/\/www.maregroup.it\/cleansky2\/wp-content\/uploads\/2021\/09\/11th-EASN-Virtual-Infographic-01.jpg\" title=\"\" alt=\"\" loading=\"lazy\" \/>\t\t\t\t\t\t\t\t<\/a>\n\t\t\t\t\t\t\t\t\t\t\t\t\t\t\t<\/div>\n\t\t\t\t<\/div>\n\t\t\t\t\t<\/div>\n\t\t<\/div>\n\t\t\t\t\t<\/div>\n\t\t<\/section>\n\t\t\t\t<\/div>\n\t\t","protected":false},"excerpt":{"rendered":"<p>Il 1\u00b0 Settembre 2021 si \u00e8 tenuta l&#8217;11\u00b0 Conferenza internazionale dell\u2019European Aeronautics Science Network sul tema dell\u2019&#8221;Innovation in Aviation &#038; Space to the Satisfaction of the European Citizens&#8221;.<\/p>\n","protected":false},"author":2,"featured_media":0,"comment_status":"open","ping_status":"open","sticky":false,"template":"","format":"standard","meta":{"footnotes":""},"categories":[35],"tags":[],"class_list":["post-4683","post","type-post","status-publish","format-standard","hentry","category-eventi"],"_links":{"self":[{"href":"https:\/\/www.maregroup.it\/cleanaviation\/wp-json\/wp\/v2\/posts\/4683","targetHints":{"allow":["GET"]}}],"collection":[{"href":"https:\/\/www.maregroup.it\/cleanaviation\/wp-json\/wp\/v2\/posts"}],"about":[{"href":"https:\/\/www.maregroup.it\/cleanaviation\/wp-json\/wp\/v2\/types\/post"}],"author":[{"embeddable":true,"href":"https:\/\/www.maregroup.it\/cleanaviation\/wp-json\/wp\/v2\/users\/2"}],"replies":[{"embeddable":true,"href":"https:\/\/www.maregroup.it\/cleanaviation\/wp-json\/wp\/v2\/comments?post=4683"}],"version-history":[{"count":0,"href":"https:\/\/www.maregroup.it\/cleanaviation\/wp-json\/wp\/v2\/posts\/4683\/revisions"}],"wp:attachment":[{"href":"https:\/\/www.maregroup.it\/cleanaviation\/wp-json\/wp\/v2\/media?parent=4683"}],"wp:term":[{"taxonomy":"category","embeddable":true,"href":"https:\/\/www.maregroup.it\/cleanaviation\/wp-json\/wp\/v2\/categories?post=4683"},{"taxonomy":"post_tag","embeddable":true,"href":"https:\/\/www.maregroup.it\/cleanaviation\/wp-json\/wp\/v2\/tags?post=4683"}],"curies":[{"name":"wp","href":"https:\/\/api.w.org\/{rel}","templated":true}]}}