{"id":5208,"date":"2022-10-24T16:13:50","date_gmt":"2022-10-24T14:13:50","guid":{"rendered":"https:\/\/www.maregroup.it\/cleansky2\/?p=5208"},"modified":"2025-07-30T15:45:31","modified_gmt":"2025-07-30T13:45:31","slug":"airtec-2022-a-monaco-di-baviera","status":"publish","type":"post","link":"https:\/\/www.maregroup.it\/cleanaviation\/airtec-2022-a-monaco-di-baviera\/","title":{"rendered":"AIRTEC 2022 a Monaco di Baviera"},"content":{"rendered":"\n<p>Ci saremo anche noi a Monaco di Baviera dal 26 al 28 ottobre in occasione di AIRTEC 2022, la Fiera Internazionale sull&#8217;aerospazio, la mobilit\u00e0 aerea futura e il nuovo spazio.<\/p>\n\n\n\n<p>Durante i tre giorni di fiera, la conferenza AIRTEC affronter\u00e0 temi di attualit\u00e0 sull&#8217;aerospazio, la futura mobilit\u00e0 aerea e il nuovo spazio con relatori di prim&#8217;ordine. Mare Group proporr\u00e0 soluzioni innovative nell\u2019industria aerospaziale e promuover\u00e0 i vantaggi e le sfide chiave della trasformazione digitale aerospaziale.\u00a0<\/p>\n\n\n\n<p>Il gruppo vi aspetta nell\u2019area italiana Hall 3 G02. Sar\u00e0 l\u2019occasione per visitare lo spazio espositivo allestito per promuovere i risultati del <strong>progetto SAIS<\/strong> finanziato dal programma di ricerca e innovazione europeo <strong>CleanSky2<\/strong> di Horizon 2020 e discutere di <strong>innovazione<\/strong>, <strong>tecnologie<\/strong>, <strong>incentivi<\/strong> e <strong>futuro<\/strong>.\u00a0\u00a0<\/p>\n\n\n\n<p>Vieni a trovarci all\u2019AIRTEC MTC Munich. <\/p>\n\n\n\n<p><img decoding=\"async\" src=\"blob:https:\/\/www.maregroup.it\/d97791a4-4080-43b2-b025-ef5bb3290dcc\"><\/p>\n\n\n\n<p>Compila il <a href=\"https:\/\/www.maregroup.it\/cleansky2\/contacts\/\" target=\"_blank\" rel=\"noreferrer noopener\"><strong>form<\/strong><\/a><strong> <\/strong>per ricevere il voucher code da inserire sul <a href=\"https:\/\/airtec.aero\/redeem\/\" target=\"_blank\" rel=\"noreferrer noopener\"><strong>sito<\/strong><\/a> per un ingresso gratuito.\u00a0<\/p>\n\n\n\n<p>Per consultare il <a href=\"https:\/\/airtec.aero\/wp-content\/uploads\/2022\/09\/AT2022-Conference-v25.pdf\" target=\"_blank\" rel=\"noreferrer noopener\"><strong>programma<\/strong><\/a> dell\u2019evento&nbsp;&nbsp;<\/p>\n\n\n\n<p>Per conoscere le <a href=\"https:\/\/airtec-aero.translate.goog\/all-companies\/?_x_tr_sl=en&amp;_x_tr_tl=it&amp;_x_tr_hl=it&amp;_x_tr_pto=sc\" target=\"_blank\" rel=\"noreferrer noopener\"><strong>aziende presenti<\/strong><\/a>&nbsp;&nbsp;<\/p>\n","protected":false},"excerpt":{"rendered":"<p>Ci saremo anche noi a Monaco di Baviera dal 26 al 28 ottobre in occasione di AIRTEC 2022, la Fiera Internazionale sull&#8217;aerospazio, la mobilit\u00e0 aerea futura e il nuovo spazio. Durante i tre giorni di fiera, la conferenza AIRTEC affronter\u00e0 temi di attualit\u00e0 sull&#8217;aerospazio, la futura mobilit\u00e0 aerea e il nuovo spazio con relatori di [&hellip;]<\/p>\n","protected":false},"author":2,"featured_media":5537,"comment_status":"open","ping_status":"open","sticky":false,"template":"","format":"standard","meta":{"footnotes":""},"categories":[35],"tags":[],"class_list":["post-5208","post","type-post","status-publish","format-standard","has-post-thumbnail","hentry","category-eventi"],"_links":{"self":[{"href":"https:\/\/www.maregroup.it\/cleanaviation\/wp-json\/wp\/v2\/posts\/5208","targetHints":{"allow":["GET"]}}],"collection":[{"href":"https:\/\/www.maregroup.it\/cleanaviation\/wp-json\/wp\/v2\/posts"}],"about":[{"href":"https:\/\/www.maregroup.it\/cleanaviation\/wp-json\/wp\/v2\/types\/post"}],"author":[{"embeddable":true,"href":"https:\/\/www.maregroup.it\/cleanaviation\/wp-json\/wp\/v2\/users\/2"}],"replies":[{"embeddable":true,"href":"https:\/\/www.maregroup.it\/cleanaviation\/wp-json\/wp\/v2\/comments?post=5208"}],"version-history":[{"count":1,"href":"https:\/\/www.maregroup.it\/cleanaviation\/wp-json\/wp\/v2\/posts\/5208\/revisions"}],"predecessor-version":[{"id":5538,"href":"https:\/\/www.maregroup.it\/cleanaviation\/wp-json\/wp\/v2\/posts\/5208\/revisions\/5538"}],"wp:featuredmedia":[{"embeddable":true,"href":"https:\/\/www.maregroup.it\/cleanaviation\/wp-json\/wp\/v2\/media\/5537"}],"wp:attachment":[{"href":"https:\/\/www.maregroup.it\/cleanaviation\/wp-json\/wp\/v2\/media?parent=5208"}],"wp:term":[{"taxonomy":"category","embeddable":true,"href":"https:\/\/www.maregroup.it\/cleanaviation\/wp-json\/wp\/v2\/categories?post=5208"},{"taxonomy":"post_tag","embeddable":true,"href":"https:\/\/www.maregroup.it\/cleanaviation\/wp-json\/wp\/v2\/tags?post=5208"}],"curies":[{"name":"wp","href":"https:\/\/api.w.org\/{rel}","templated":true}]}}